{"id":166,"count":1,"description":"","link":"https:\/\/data.ktu.edu\/EN\/tag\/ivadas-i-socialiniu-tyrimu-duomenu-valdyma\/","name":"\u012evadas \u012f socialini\u0173 tyrim\u0173 duomen\u0173 valdym\u0105;","slug":"ivadas-i-socialiniu-tyrimu-duomenu-valdyma","taxonomy":"post_tag","meta":[],"_links":{"self":[{"href":"https:\/\/data.ktu.edu\/EN\/wp-json\/wp\/v2\/tags\/166"}],"collection":[{"href":"https:\/\/data.ktu.edu\/EN\/wp-json\/wp\/v2\/tags"}],"about":[{"href":"https:\/\/data.ktu.edu\/EN\/wp-json\/wp\/v2\/taxonomies\/post_tag"}],"wp:post_type":[{"href":"https:\/\/data.ktu.edu\/EN\/wp-json\/wp\/v2\/posts?tags=166"}],"curies":[{"name":"wp","href":"https:\/\/api.w.org\/{rel}","templated":true}]}}