{"id":3586,"date":"2021-07-28T15:46:25","date_gmt":"2021-07-28T15:46:25","guid":{"rendered":"https:\/\/data.ktu.edu\/EN\/?p=3586"},"modified":"2021-09-18T16:09:51","modified_gmt":"2021-09-18T16:09:51","slug":"2021-m-liepos-27-d-publikuota-11-nauju-duomenu-rinkiniu-serijoje-viesosios-nuomones-tyrimu-centro-barometras","status":"publish","type":"post","link":"https:\/\/data.ktu.edu\/EN\/2021-m-liepos-27-d-publikuota-11-nauju-duomenu-rinkiniu-serijoje-viesosios-nuomones-tyrimu-centro-barometras\/","title":{"rendered":"2021 m. liepos 27 d. publikuota 11 nauj\u0173 duomen\u0173 rinkini\u0173 serijoje \u201eVie\u0161osios nuomon\u0117s tyrim\u0173 centro barometras\u201c"},"content":{"rendered":"<p>2021 m. liepos 27 d. LiDA Apklaus\u0173 duomen\u0173 katalogas pasipild\u0117 vienuolika nauj\u0173 duomen\u0173 rinkini\u0173.<!--more--><\/p>\n<p>\u201e<a href=\"https:\/\/www.lidata.eu\/data\/quant\/LiDA_VNTC_0335\" target=\"_blank\" rel=\"noopener noreferrer\">Vie\u0161osios nuomon\u0117s tyrim\u0173 centro barometras, 1991 m. balandis<\/a>\u201c;<\/p>\n<p>\u201e<a href=\"https:\/\/www.lidata.eu\/data\/quant\/LiDA_VNTC_0336\" target=\"_blank\" rel=\"noopener noreferrer\">Vie\u0161osios nuomon\u0117s tyrim\u0173 centro barometras, 1991 m. bir\u017eelis<\/a>\u201c;<\/p>\n<p>\u201e<a href=\"https:\/\/www.lidata.eu\/data\/quant\/LiDA_VNTC_0337\" target=\"_blank\" rel=\"noopener noreferrer\">Vie\u0161osios nuomon\u0117s tyrim\u0173 centro barometras, 1991 m. rugs\u0117jis<\/a>\u201c;<\/p>\n<p>\u201e<a href=\"https:\/\/www.lidata.eu\/data\/quant\/LiDA_VNTC_0338\">Vie\u0161osios nuomon\u0117s tyrim\u0173 centro barometras, 1991 m. gruodis<\/a>\u201c;<\/p>\n<p>\u201e<a href=\"https:\/\/www.lidata.eu\/data\/quant\/LiDA_VNTC_0339\" target=\"_blank\" rel=\"noopener noreferrer\">Vie\u0161osios nuomon\u0117s tyrim\u0173 centro barometras, 1992 m. kovas<\/a>\u201c;<\/p>\n<p>\u201e<a href=\"https:\/\/www.lidata.eu\/data\/quant\/LiDA_VNTC_0340\" target=\"_blank\" rel=\"noopener noreferrer\">Vie\u0161osios nuomon\u0117s tyrim\u0173 centro barometras, 1992 m. bir\u017eelis<\/a>\u201c;<\/p>\n<p>\u201e<a href=\"https:\/\/www.lidata.eu\/data\/quant\/LiDA_VNTC_0341\" target=\"_blank\" rel=\"noopener noreferrer\">Vie\u0161osios nuomon\u0117s tyrim\u0173 centro barometras, 1992 m. lapkritis<\/a>\u201c;<\/p>\n<p>\u201e<a href=\"https:\/\/www.lidata.eu\/data\/quant\/LiDA_VNTC_0342\" target=\"_blank\" rel=\"noopener noreferrer\">Vie\u0161osios nuomon\u0117s tyrim\u0173 centro barometras, 1993 m. kovas<\/a>\u201c;<\/p>\n<p>\u201e<a href=\"https:\/\/www.lidata.eu\/data\/quant\/LiDA_VNTC_0343\" target=\"_blank\" rel=\"noopener noreferrer\">Vie\u0161osios nuomon\u0117s tyrim\u0173 centro barometras, 1993 m. bir\u017eelis<\/a>\u201c;<\/p>\n<p>\u201e<a href=\"https:\/\/www.lidata.eu\/data\/quant\/LiDA_VNTC_0344\" target=\"_blank\" rel=\"noopener noreferrer\">Vie\u0161osios nuomon\u0117s tyrim\u0173 centro barometras, 1993 m. rugs\u0117jis<\/a>\u201c;<\/p>\n<p>\u201e<a href=\"https:\/\/www.lidata.eu\/data\/quant\/LiDA_VNTC_0345\" target=\"_blank\" rel=\"noopener noreferrer\">Vie\u0161osios nuomon\u0117s tyrim\u0173 centro barometras, 1993 m. gruodis<\/a><\/p>\n<p>\u0160iais duomen\u0173 rinkiniais papildoma publikuojam\u0173 tyrim\u0173, kuriuos 1989-1993 m. atliko Vie\u0161osios nuomon\u0117s tyrim\u0173 centras, serija. VNTC tyrimais siekta i\u0161siai\u0161kinti Lietuvos gyventoj\u0173 nuomon\u0119 aktualiais visuomenei klausimais, \u0161alyje vykstant spar\u010diai politinei, socialinei bei ekonominei transformacijai 1989-1993 m.<\/p>\n<p>Duomen\u0173 rinkinys be apribojim\u0173 prieinamas LiDA registruotiems vartotojams (<a href=\"https:\/\/www.lidata.eu\/index_reg.php\" target=\"_blank\" rel=\"noopener noreferrer\"><strong>naujus vartotojus kvie\u010diame u\u017esiregistruoti \u010dia<\/strong><\/a>).<\/p>\n","protected":false},"excerpt":{"rendered":"<p>2021 m. liepos 27 d. LiDA Apklaus\u0173 duomen\u0173 katalogas pasipild\u0117 vienuolika nauj\u0173 duomen\u0173 rinkini\u0173.<\/p>\n","protected":false},"author":65,"featured_media":0,"comment_status":"closed","ping_status":"open","sticky":false,"template":"","format":"standard","meta":[],"categories":[2],"tags":[181],"_links":{"self":[{"href":"https:\/\/data.ktu.edu\/EN\/wp-json\/wp\/v2\/posts\/3586"}],"collection":[{"href":"https:\/\/data.ktu.edu\/EN\/wp-json\/wp\/v2\/posts"}],"about":[{"href":"https:\/\/data.ktu.edu\/EN\/wp-json\/wp\/v2\/types\/post"}],"author":[{"embeddable":true,"href":"https:\/\/data.ktu.edu\/EN\/wp-json\/wp\/v2\/users\/65"}],"replies":[{"embeddable":true,"href":"https:\/\/data.ktu.edu\/EN\/wp-json\/wp\/v2\/comments?post=3586"}],"version-history":[{"count":6,"href":"https:\/\/data.ktu.edu\/EN\/wp-json\/wp\/v2\/posts\/3586\/revisions"}],"predecessor-version":[{"id":3715,"href":"https:\/\/data.ktu.edu\/EN\/wp-json\/wp\/v2\/posts\/3586\/revisions\/3715"}],"wp:attachment":[{"href":"https:\/\/data.ktu.edu\/EN\/wp-json\/wp\/v2\/media?parent=3586"}],"wp:term":[{"taxonomy":"category","embeddable":true,"href":"https:\/\/data.ktu.edu\/EN\/wp-json\/wp\/v2\/categories?post=3586"},{"taxonomy":"post_tag","embeddable":true,"href":"https:\/\/data.ktu.edu\/EN\/wp-json\/wp\/v2\/tags?post=3586"}],"curies":[{"name":"wp","href":"https:\/\/api.w.org\/{rel}","templated":true}]}}