{"id":3384,"date":"2021-05-04T07:41:01","date_gmt":"2021-05-04T07:41:01","guid":{"rendered":"https:\/\/data.ktu.edu\/EN\/?p=3384"},"modified":"2021-05-04T07:46:35","modified_gmt":"2021-05-04T07:46:35","slug":"2021-m-balandzio-8-d-vyko-mokymai-ivadas-i-socialiniu-tyrimu-duomenu-valdyma","status":"publish","type":"post","link":"https:\/\/data.ktu.edu\/EN\/2021-m-balandzio-8-d-vyko-mokymai-ivadas-i-socialiniu-tyrimu-duomenu-valdyma\/","title":{"rendered":"2021 m. baland\u017eio 8 d. vyko mokymai \u201e\u012evadas \u012f socialini\u0173 tyrim\u0173 duomen\u0173 valdym\u0105\u201c"},"content":{"rendered":"<p>KTU SHMMF Duomen\u0173 analiz\u0117s ir archyvavimo centras (DAtA) 2021 m. baland\u017eio 8 d. vykd\u0117 metodologinius mokymus \u201e\u012evadas \u012f socialini\u0173 tyrim\u0173 duomen\u0173 valdym\u0105\u201c, kuriuos ved\u0117 prof. dr. Audron\u0117 Tele\u0161ien\u0117, dr. Rasa Erentait\u0117, Vaidas Morkevi\u010dius ir dr. Rimantas Rauleckas (Kauno technologijos universitetas).<br \/>\n<!--more--><\/p>\n<p>Mokymai buvo skirti Klaip\u0117dos valstybin\u0117s kolegijos darbuotojams, siekiantiems padidinti socialini\u0173 moksl\u0173 tyrim\u0173 duomen\u0173 rinkimo planavimo ir valdymo kompetencij\u0105. Mokymuose buvo pristatomos pagrindin\u0117s socialini\u0173 tyrim\u0173 duomen\u0173 valdymo s\u0105vokos ir praktiniai i\u0161\u0161\u016bkiai bei galimi j\u0173 sprendimo b\u016bdai. Lektoriai pristat\u0117 Europos socialini\u0173 moksl\u0173 duomen\u0173 archyv\u0173 konsorciumo (angl. Consortium of European Social Science Data Archives \u2013 European Research Infrastructure Consortium, CESSDA ERIC) sukurt\u0105 Duomen\u0173 valdymo vadov\u0105 ir pagrindines jo potemes. Mokymuose buvo pateikiamos praktin\u0117s u\u017eduotys ir aptariami j\u0173 sprendimo i\u0161\u0161\u016bkiai bei galimyb\u0117s.<\/p>\n","protected":false},"excerpt":{"rendered":"<p>KTU SHMMF Duomen\u0173 analiz\u0117s ir archyvavimo centras (DAtA) 2021 m. baland\u017eio 8 d. vykd\u0117 metodologinius mokymus \u201e\u012evadas \u012f socialini\u0173 tyrim\u0173 duomen\u0173 valdym\u0105\u201c, kuriuos ved\u0117 prof. dr. Audron\u0117 Tele\u0161ien\u0117, dr. Rasa Erentait\u0117, Vaidas Morkevi\u010dius ir dr. Rimantas Rauleckas (Kauno technologijos universitetas).<\/p>\n","protected":false},"author":65,"featured_media":2867,"comment_status":"closed","ping_status":"open","sticky":false,"template":"","format":"standard","meta":[],"categories":[2],"tags":[167,72,73,19,20,166,16,10,97,92,168],"_links":{"self":[{"href":"https:\/\/data.ktu.edu\/EN\/wp-json\/wp\/v2\/posts\/3384"}],"collection":[{"href":"https:\/\/data.ktu.edu\/EN\/wp-json\/wp\/v2\/posts"}],"about":[{"href":"https:\/\/data.ktu.edu\/EN\/wp-json\/wp\/v2\/types\/post"}],"author":[{"embeddable":true,"href":"https:\/\/data.ktu.edu\/EN\/wp-json\/wp\/v2\/users\/65"}],"replies":[{"embeddable":true,"href":"https:\/\/data.ktu.edu\/EN\/wp-json\/wp\/v2\/comments?post=3384"}],"version-history":[{"count":1,"href":"https:\/\/data.ktu.edu\/EN\/wp-json\/wp\/v2\/posts\/3384\/revisions"}],"predecessor-version":[{"id":3385,"href":"https:\/\/data.ktu.edu\/EN\/wp-json\/wp\/v2\/posts\/3384\/revisions\/3385"}],"wp:featuredmedia":[{"embeddable":true,"href":"https:\/\/data.ktu.edu\/EN\/wp-json\/wp\/v2\/media\/2867"}],"wp:attachment":[{"href":"https:\/\/data.ktu.edu\/EN\/wp-json\/wp\/v2\/media?parent=3384"}],"wp:term":[{"taxonomy":"category","embeddable":true,"href":"https:\/\/data.ktu.edu\/EN\/wp-json\/wp\/v2\/categories?post=3384"},{"taxonomy":"post_tag","embeddable":true,"href":"https:\/\/data.ktu.edu\/EN\/wp-json\/wp\/v2\/tags?post=3384"}],"curies":[{"name":"wp","href":"https:\/\/api.w.org\/{rel}","templated":true}]}}